[{"@context":"https:\/\/schema.org\/","@type":"Article","@id":"https:\/\/www.haag.cz\/vlna-pandemie\/#Article","mainEntityOfPage":"https:\/\/www.haag.cz\/vlna-pandemie\/","headline":"Vlna pandemie","name":"Vlna pandemie","description":"Taky si je\u0161t\u011b vzpom\u00edn\u00e1te na tu dobu, kdy se mohlo v\u0161echno? T\u0159eba jak jsme cestovali anebo jak jsme si chodili s p\u0159\u00e1teli do restaurace? V\u0161ichni v\u00edme, \u017ee tohle jsme v\u017edycky brali za \u00fapln\u011b norm\u00e1ln\u00ed dobu, kterou \u010dlov\u011bk \u017eije. V\u0161echno bylo perfektn\u00ed a j\u00e1 jsem si myslela, \u017ee tyto radosti ze \u017eivota n\u00e1m nikdo a nic...<p class=\"more-link-wrap\"><a href=\"https:\/\/www.haag.cz\/vlna-pandemie\/\" class=\"more-link\">P\u0159e\u010d\u00edst<span class=\"screen-reader-text\"> &ldquo;Vlna pandemie&rdquo;<\/span> &raquo;<\/a><\/p>","datePublished":"2022-07-04","dateModified":"2022-07-04","author":{"@type":"Person","@id":"https:\/\/www.haag.cz\/author\/devene\/#Person","name":"devene","url":"https:\/\/www.haag.cz\/author\/devene\/","identifier":1,"image":{"@type":"ImageObject","@id":"https:\/\/secure.gravatar.com\/avatar\/0dc285cbe86eecc8073f119fcb2e2c7032b51533f5bb47611c7d4a598558b8b7?s=96&d=mm&r=g","url":"https:\/\/secure.gravatar.com\/avatar\/0dc285cbe86eecc8073f119fcb2e2c7032b51533f5bb47611c7d4a598558b8b7?s=96&d=mm&r=g","height":96,"width":96}},"publisher":{"@type":"Organization","name":"haag.cz","logo":{"@type":"ImageObject","@id":"\/logo.png","url":"\/logo.png","width":600,"height":60}},"image":{"@type":"ImageObject","@id":"https:\/\/www.haag.cz\/wp-content\/uploads\/mask-4898571_960_720.jpg","url":"https:\/\/www.haag.cz\/wp-content\/uploads\/mask-4898571_960_720.jpg","height":0,"width":0},"url":"https:\/\/www.haag.cz\/vlna-pandemie\/","wordCount":436,"articleBody":"      Taky si je\u0161t\u011b vzpom\u00edn\u00e1te na tu dobu, kdy se mohlo v\u0161echno? T\u0159eba jak jsme cestovali anebo jak jsme si chodili s p\u0159\u00e1teli do restaurace? V\u0161ichni v\u00edme, \u017ee tohle jsme v\u017edycky brali za \u00fapln\u011b norm\u00e1ln\u00ed dobu, kterou \u010dlov\u011bk \u017eije. V\u0161echno bylo perfektn\u00ed a j\u00e1 jsem si myslela, \u017ee tyto radosti ze \u017eivota n\u00e1m nikdo a nic nevezme. Se snem jsem moc r\u00e1da chodila na h\u0159i\u0161t\u011b. Pak najednou byla zav\u0159en\u00e1. Co se to d\u011bje? D\u011btsk\u00e9 h\u0159i\u0161t\u011b a zav\u0159en\u00e9? Proboha pro\u010d? Jenom\u017ee bohu\u017eel se jednoho dne stalo, \u017ee p\u0159i\u0161lo to, co jsem v\u016fbec netu\u0161ila. Nikdy bych nev\u011bd\u011bla, \u017ee na\u0161i zemi zas\u00e1hne n\u011bjak\u00fd virus. P\u0159ipadalo mi to jako jedna velk\u00e1 komedie, proto\u017ee tohle se v modern\u00edm sv\u011bt\u011b p\u0159eci t\u00e1t nem\u016f\u017ee. Nebo snad ano? Nikdo ale st\u00e1le nic nev\u011bd\u011bl a nikdo nic nedok\u00e1zal vysv\u011btlit norm\u00e1ln\u011b. To, kdy\u017e jsem poprv\u00e9 sly\u0161ela, \u017ee na\u0161\u00ed zemi ot\u0159\u00e1s\u00e1 zm\u00edn\u011bn\u00fd virus, tak jsem se opravdu moc b\u00e1la.Ne\u0159\u00edkejte mi, \u017ee vy jste se t\u0159eba neb\u00e1li. A to j\u00e1 jsem takov\u00fd stra\u0161pytel, co se t\u00fd\u010de l\u00e9ka\u0159\u016f anebo r\u016fzn\u00fdch nemoc\u00ed. V\u016fbec jsem nev\u011bd\u011bla, co to ten koronavirus je. A byla jsem docela v \u0161oku, a je\u0161t\u011b kdy\u017e n\u00e1m st\u00e1t nak\u00e1zal v\u0161elijak\u00fd karant\u00e9ny a taky rou\u0161ky, tak jsem z toho m\u00e1lem omdl\u00e9vala. Opravdu se toho boj\u00edm, tak\u017ee jsem r\u00e1da, \u017ee tohle v\u0161echno je za n\u00e1mi. P\u0159eci jen u\u017e v\u00edme, co to ten koronavirus je a jak na n\u011bj. Taky d\u00edky kupovan\u00fdm antigenn\u00edm test\u016fm. A taky jsme si museli po\u0159izovat r\u016fzn\u00e9 antigenn\u00ed testy, kter\u00e9 n\u00e1m uk\u00e1zaly, jestli m\u00e1me v sob\u011b koronavirus. Prodej antigenn\u00edch test\u016f je nap\u0159\u00edklad v l\u00e9k\u00e1rn\u011b. Ale pozd\u011bji, kdy\u017e u\u017e tohle bylo v\u00edce roz\u0161\u00ed\u0159en\u00e9, tak antigenn\u00ed testy se daj\u00ed koupit t\u0159eba taky v norm\u00e1ln\u00edm obchod\u011b. A taky nap\u0159\u00edklad na internetu anebo norm\u00e1ln\u011b ve sm\u00ed\u0161en\u00e9m zbo\u017e\u00ed. Zkou\u0161ela jsem taky antigenn\u00ed testy kupovat n\u011bkde jinde. Potom jsem se dozv\u011bd\u011bla, \u017ee antigenn\u00ed testy se prod\u00e1vaj\u00ed taky u\u017e na v\u00edce m\u00edstech, za co\u017e jsem byla velmi r\u00e1da. Proto\u017ee kolikr\u00e1t se mi stalo, \u017ee prodej antigenn\u00edch testu byl nedostatkov\u00e9 zbo\u017e\u00ed.                                                                                                                                                                                                                                                                                                                                                                                                   "},{"@context":"https:\/\/schema.org\/","@type":"BreadcrumbList","itemListElement":[{"@type":"ListItem","position":1,"name":"Vlna pandemie","item":"https:\/\/www.haag.cz\/vlna-pandemie\/#breadcrumbitem"}]}]