{"@context":"https:\/\/schema.org\/","@type":"CollectionPage","@id":"https:\/\/www.haag.cz\/krasa\/#CollectionPage","headline":"Kr\u00e1sa Category","description":"","url":"https:\/\/www.haag.cz\/krasa\/","hasPart":[{"@type":"Article","@id":"https:\/\/www.haag.cz\/duse-je-vice-nez-telo\/","headline":"Du\u0161e je v\u00edce ne\u017e t\u011blo","url":"https:\/\/www.haag.cz\/duse-je-vice-nez-telo\/","datePublished":"2022-11-13","dateModified":"2023-06-14","mainEntityOfPage":"https:\/\/www.haag.cz\/duse-je-vice-nez-telo\/","author":{"@type":"Person","@id":"https:\/\/www.haag.cz\/author\/devene\/#Person","name":"devene","url":"https:\/\/www.haag.cz\/author\/devene\/","identifier":1,"image":{"@type":"ImageObject","@id":"https:\/\/secure.gravatar.com\/avatar\/0dc285cbe86eecc8073f119fcb2e2c7032b51533f5bb47611c7d4a598558b8b7?s=96&d=mm&r=g","url":"https:\/\/secure.gravatar.com\/avatar\/0dc285cbe86eecc8073f119fcb2e2c7032b51533f5bb47611c7d4a598558b8b7?s=96&d=mm&r=g","height":96,"width":96}},"publisher":{"@type":"Organization","name":"haag.cz","logo":{"@type":"ImageObject","@id":"\/logo.png","url":"\/logo.png","width":600,"height":60}},"image":{"@type":"ImageObject","@id":"https:\/\/www.haag.cz\/wp-content\/uploads\/baby-g684965aaa_640.jpg","url":"https:\/\/www.haag.cz\/wp-content\/uploads\/baby-g684965aaa_640.jpg","height":0,"width":0},"keywords":null},{"@type":"Article","@id":"https:\/\/www.haag.cz\/co-byste-meli-vedet-pred-svym-prvnim-tetovanim\/","headline":"Co byste m\u011bli v\u011bd\u011bt p\u0159ed sv\u00fdm prvn\u00edm tetov\u00e1n\u00edm","url":"https:\/\/www.haag.cz\/co-byste-meli-vedet-pred-svym-prvnim-tetovanim\/","datePublished":"2022-07-30","dateModified":"2023-06-14","mainEntityOfPage":"https:\/\/www.haag.cz\/co-byste-meli-vedet-pred-svym-prvnim-tetovanim\/","author":{"@type":"Person","@id":"https:\/\/www.haag.cz\/author\/devene\/#Person","name":"devene","url":"https:\/\/www.haag.cz\/author\/devene\/","identifier":1,"image":{"@type":"ImageObject","@id":"https:\/\/secure.gravatar.com\/avatar\/0dc285cbe86eecc8073f119fcb2e2c7032b51533f5bb47611c7d4a598558b8b7?s=96&d=mm&r=g","url":"https:\/\/secure.gravatar.com\/avatar\/0dc285cbe86eecc8073f119fcb2e2c7032b51533f5bb47611c7d4a598558b8b7?s=96&d=mm&r=g","height":96,"width":96}},"publisher":{"@type":"Organization","name":"haag.cz","logo":{"@type":"ImageObject","@id":"\/logo.png","url":"\/logo.png","width":600,"height":60}},"image":{"@type":"ImageObject","@id":"https:\/\/www.haag.cz\/wp-content\/uploads\/pexels-lucas-guimar%C3%A3es-5533992.jpg","url":"https:\/\/www.haag.cz\/wp-content\/uploads\/pexels-lucas-guimar%C3%A3es-5533992.jpg","height":0,"width":0},"keywords":null},{"@type":"Article","@id":"https:\/\/www.haag.cz\/pro-krasnou-plet-je-potreba-neco-udelat\/","headline":"Pro kr\u00e1snou ple\u0165 je pot\u0159eba n\u011bco ud\u011blat","url":"https:\/\/www.haag.cz\/pro-krasnou-plet-je-potreba-neco-udelat\/","datePublished":"2022-07-17","dateModified":"2022-07-17","mainEntityOfPage":"https:\/\/www.haag.cz\/pro-krasnou-plet-je-potreba-neco-udelat\/","author":{"@type":"Person","@id":"https:\/\/www.haag.cz\/author\/devene\/#Person","name":"devene","url":"https:\/\/www.haag.cz\/author\/devene\/","identifier":1,"image":{"@type":"ImageObject","@id":"https:\/\/secure.gravatar.com\/avatar\/0dc285cbe86eecc8073f119fcb2e2c7032b51533f5bb47611c7d4a598558b8b7?s=96&d=mm&r=g","url":"https:\/\/secure.gravatar.com\/avatar\/0dc285cbe86eecc8073f119fcb2e2c7032b51533f5bb47611c7d4a598558b8b7?s=96&d=mm&r=g","height":96,"width":96}},"publisher":{"@type":"Organization","name":"haag.cz","logo":{"@type":"ImageObject","@id":"\/logo.png","url":"\/logo.png","width":600,"height":60}},"image":{"@type":"ImageObject","@id":"https:\/\/www.haag.cz\/wp-content\/uploads\/maska_1dhLa6.jpg","url":"https:\/\/www.haag.cz\/wp-content\/uploads\/maska_1dhLa6.jpg","height":0,"width":0},"keywords":null}]}