[{"@context":"https:\/\/schema.org\/","@type":"Article","@id":"https:\/\/www.haag.cz\/jake-jsou-nasledky-globalnich-zmen-klimatu\/#Article","mainEntityOfPage":"https:\/\/www.haag.cz\/jake-jsou-nasledky-globalnich-zmen-klimatu\/","headline":"Jak\u00e9 jsou n\u00e1sledky glob\u00e1ln\u00edch zm\u011bn klimatu","name":"Jak\u00e9 jsou n\u00e1sledky glob\u00e1ln\u00edch zm\u011bn klimatu","description":"Jedn\u00edm ze stra\u0161\u00e1k\u016f sou\u010dasn\u00e9 doby jsou bezesporu glob\u00e1ln\u00ed zm\u011bny klimatu, d\u0159\u00edve zvan\u00e9 glob\u00e1ln\u00ed oteplov\u00e1n\u00ed. Pro valnou v\u011bt\u0161inu z\u00a0n\u00e1s je to v\u0161ak pouze abstraktn\u00ed pojem, kter\u00fd p\u0159\u00edli\u0161 neznamen\u00e1. \u010casto si toti\u017e nedovedeme p\u0159\u00edli\u0161 dob\u0159e p\u0159edstavit, co se pod n\u00edm skr\u00fdv\u00e1. Ukazuje se v\u0161ak, \u017ee jeho n\u00e1sledky vid\u00edme ji\u017e dnes.\u00a0T\u00edm asi nejd\u016fle\u017eit\u011bj\u0161\u00edm pro n\u00e1s je, \u017ee budou...<p class=\"more-link-wrap\"><a href=\"https:\/\/www.haag.cz\/jake-jsou-nasledky-globalnich-zmen-klimatu\/\" class=\"more-link\">P\u0159e\u010d\u00edst<span class=\"screen-reader-text\"> &ldquo;Jak\u00e9 jsou n\u00e1sledky glob\u00e1ln\u00edch zm\u011bn klimatu&rdquo;<\/span> &raquo;<\/a><\/p>","datePublished":"2024-06-27","dateModified":"2024-06-27","author":{"@type":"Person","@id":"https:\/\/www.haag.cz\/author\/devene\/#Person","name":"devene","url":"https:\/\/www.haag.cz\/author\/devene\/","identifier":1,"image":{"@type":"ImageObject","@id":"https:\/\/secure.gravatar.com\/avatar\/0dc285cbe86eecc8073f119fcb2e2c7032b51533f5bb47611c7d4a598558b8b7?s=96&d=mm&r=g","url":"https:\/\/secure.gravatar.com\/avatar\/0dc285cbe86eecc8073f119fcb2e2c7032b51533f5bb47611c7d4a598558b8b7?s=96&d=mm&r=g","height":96,"width":96}},"publisher":{"@type":"Organization","name":"haag.cz","logo":{"@type":"ImageObject","@id":"\/logo.png","url":"\/logo.png","width":600,"height":60}},"image":{"@type":"ImageObject","@id":"https:\/\/www.haag.cz\/wp-content\/uploads\/dest2_4.jpg","url":"https:\/\/www.haag.cz\/wp-content\/uploads\/dest2_4.jpg","height":0,"width":0},"url":"https:\/\/www.haag.cz\/jake-jsou-nasledky-globalnich-zmen-klimatu\/","about":["V\u011bda"],"wordCount":435,"articleBody":"Jedn\u00edm ze stra\u0161\u00e1k\u016f sou\u010dasn\u00e9 doby jsou bezesporu glob\u00e1ln\u00ed zm\u011bny klimatu, d\u0159\u00edve zvan\u00e9 glob\u00e1ln\u00ed oteplov\u00e1n\u00ed. Pro valnou v\u011bt\u0161inu z\u00a0n\u00e1s je to v\u0161ak pouze abstraktn\u00ed pojem, kter\u00fd p\u0159\u00edli\u0161 neznamen\u00e1. \u010casto si toti\u017e nedovedeme p\u0159\u00edli\u0161 dob\u0159e p\u0159edstavit, co se pod n\u00edm skr\u00fdv\u00e1. Ukazuje se v\u0161ak, \u017ee jeho n\u00e1sledky vid\u00edme ji\u017e dnes.\u00a0T\u00edm asi nejd\u016fle\u017eit\u011bj\u0161\u00edm pro n\u00e1s je, \u017ee budou st\u00e1le \u010dast\u011bj\u0161\u00ed extr\u00e9mn\u00ed typy po\u010das\u00ed. Mezi n\u011b se \u0159ad\u00ed nap\u0159\u00edklad torn\u00e1da, z\u00e1plavy, ale tak\u00e9 siln\u011bj\u0161\u00ed hurik\u00e1ny \u2013 a to v\u0161e za\u017e\u00edv\u00e1me ji\u017e dnes. V\u00a0budoucnu v\u0161ak tento trend bude st\u00e1le s\u00edlit, pokud s\u00a0t\u00edm n\u011bco neud\u011bl\u00e1me. To v\u0161ak samoz\u0159ejm\u011b znamen\u00e1 obrovsk\u00e9 \u0161kody nejen na majetku, ale tak\u00e9 na \u017eivotech.\u00a0\u00a0S\u00a0t\u00edm pak souvis\u00ed tak\u00e9 zm\u011bny rozd\u011blen\u00ed sr\u00e1\u017eek. Ty budou mnohem m\u00e9n\u011b \u010dast\u00e9 p\u0159edev\u0161\u00edm v\u00a0l\u00e9t\u011b, tedy ve vegeta\u010dn\u00edm obdob\u00ed. V\u011bt\u0161ina jich spadne na podzim a v\u00a0zim\u011b, kdy je rostliny nebudou moci p\u0159\u00edli\u0161 vyu\u017e\u00edt. To povede jednak k\u00a0z\u00e1plav\u00e1m a pak tak\u00e9 ke sn\u00ed\u017een\u00fdm v\u00fdnos\u016fm v\u00a0zem\u011bd\u011blstv\u00ed. Ceny potravin pak samoz\u0159ejm\u011b vylet\u00ed nahoru, a bude jich tak\u00e9 mnohem m\u00e9n\u011b. A to nen\u00ed n\u011bco, co by kdokoliv z\u00a0n\u00e1s cht\u011bl.\u00a0\u00a0Pak jsou tu samoz\u0159ejm\u011b i teploty. I ty budou st\u00e1le extr\u00e9mn\u011bj\u0161\u00ed, a\u0165 u\u017e se jedn\u00e1 o letn\u00ed horka nebo zimn\u00ed mrazy. I to pak bude zp\u016fsobovat dal\u0161\u00ed probl\u00e9my v\u00a0zem\u011bd\u011blstv\u00ed, nebo\u0165 za hork\u00e9ho, such\u00e9ho l\u00e9ta prakticky nic neporoste. I rostliny maj\u00ed toti\u017e sv\u016fj limit, kdy v\u00a0horku p\u0159est\u00e1vaj\u00ed r\u016fst. V\u00a0mrazech pak pom\u0159e v\u011bt\u0161ina semen ozim\u00fdch plodin, jako je nap\u0159\u00edklad p\u0161enice. Nen\u00ed tedy t\u0159eba \u0159\u00edkat, jak\u00e9 to bude m\u00edt pro n\u00e1s n\u00e1sledky.\u00a0Jist\u011b, m\u016f\u017ee se to zd\u00e1t jako stra\u0161en\u00ed, av\u0161ak kdy\u017e se pod\u00edv\u00e1me na po\u010das\u00ed posledn\u00edch let, vid\u00edme, \u017ee se tomuto sc\u00e9n\u00e1\u0159i velmi rychle bl\u00ed\u017e\u00edme. A a\u0165 u\u017e je na vin\u011b \u010dlov\u011bk \u010di nikoliv, rozhodn\u011b bychom se m\u011bli pokusit tyto n\u00e1sledky zm\u00edrnit, pokud to p\u016fjde. Bude to pro dobro n\u00e1s v\u0161ech, a p\u0159edev\u0161\u00edm na\u0161ich d\u011bt\u00ed. Pr\u00e1v\u011b ony se s\u00a0t\u00edm toti\u017e budou muset pot\u00fdkat.                                                                                                                                                                                                                                                                                                                                                                                                "},{"@context":"https:\/\/schema.org\/","@type":"BreadcrumbList","itemListElement":[{"@type":"ListItem","position":1,"name":"Jak\u00e9 jsou n\u00e1sledky glob\u00e1ln\u00edch zm\u011bn klimatu","item":"https:\/\/www.haag.cz\/jake-jsou-nasledky-globalnich-zmen-klimatu\/#breadcrumbitem"}]}]