[{"@context":"https:\/\/schema.org\/","@type":"Article","@id":"https:\/\/www.haag.cz\/jak-se-oblekat-v-zime-s-eleganci\/#Article","mainEntityOfPage":"https:\/\/www.haag.cz\/jak-se-oblekat-v-zime-s-eleganci\/","headline":"Jak se obl\u00e9kat v zim\u011b s eleganc\u00ed?","name":"Jak se obl\u00e9kat v zim\u011b s eleganc\u00ed?","description":"Pohorky, tepl\u00e1 zimn\u00ed bunda a \u0161us\u0165\u00e1kov\u00e9 kalhoty. To jsou outfity vhodn\u011bj\u0161\u00ed sp\u00ed\u0161e na hory, ne\u017e na ka\u017edodenn\u00ed no\u0161en\u00ed do pr\u00e1ce \u010di do spole\u010dnosti. T\u00edm sp\u00ed\u0161e, pokud t\u0159eba pracujete na takov\u00e9 pozici, kde je vy\u017eadov\u00e1n jist\u00fd dress code. I tak se m\u016f\u017eete obl\u00e9kat elegantn\u011b, se \u0161mrncem, a p\u0159itom z\u016fstat v teple. Vrstven\u00ed oble\u010den\u00ed se stane va\u0161im...<p class=\"more-link-wrap\"><a href=\"https:\/\/www.haag.cz\/jak-se-oblekat-v-zime-s-eleganci\/\" class=\"more-link\">P\u0159e\u010d\u00edst<span class=\"screen-reader-text\"> &ldquo;Jak se obl\u00e9kat v zim\u011b s eleganc\u00ed?&rdquo;<\/span> &raquo;<\/a><\/p>","datePublished":"2022-08-26","dateModified":"2023-06-14","author":{"@type":"Person","@id":"https:\/\/www.haag.cz\/author\/devene\/#Person","name":"devene","url":"https:\/\/www.haag.cz\/author\/devene\/","identifier":1,"image":{"@type":"ImageObject","@id":"https:\/\/secure.gravatar.com\/avatar\/0dc285cbe86eecc8073f119fcb2e2c7032b51533f5bb47611c7d4a598558b8b7?s=96&d=mm&r=g","url":"https:\/\/secure.gravatar.com\/avatar\/0dc285cbe86eecc8073f119fcb2e2c7032b51533f5bb47611c7d4a598558b8b7?s=96&d=mm&r=g","height":96,"width":96}},"publisher":{"@type":"Organization","name":"haag.cz","logo":{"@type":"ImageObject","@id":"\/logo.png","url":"\/logo.png","width":600,"height":60}},"image":{"@type":"ImageObject","@id":"https:\/\/www.haag.cz\/wp-content\/uploads\/pexels-ogo-3597932.jpg","url":"https:\/\/www.haag.cz\/wp-content\/uploads\/pexels-ogo-3597932.jpg","height":0,"width":0},"url":"https:\/\/www.haag.cz\/jak-se-oblekat-v-zime-s-eleganci\/","about":["Produkty"],"wordCount":408,"articleBody":"   Pohorky, tepl\u00e1 zimn\u00ed bunda a \u0161us\u0165\u00e1kov\u00e9 kalhoty. To jsou outfity vhodn\u011bj\u0161\u00ed sp\u00ed\u0161e na hory, ne\u017e na ka\u017edodenn\u00ed no\u0161en\u00ed do pr\u00e1ce \u010di do spole\u010dnosti. T\u00edm sp\u00ed\u0161e, pokud t\u0159eba pracujete na takov\u00e9 pozici, kde je vy\u017eadov\u00e1n jist\u00fd dress code. I tak se m\u016f\u017eete obl\u00e9kat elegantn\u011b, se \u0161mrncem, a p\u0159itom z\u016fstat v teple.Vrstven\u00ed oble\u010den\u00ed se stane va\u0161im nejlep\u0161\u00edm p\u0159\u00edtelem. Vypad\u00e1 to velmi efektivn\u011b a p\u0159i n\u011bkolika vrstv\u00e1ch z\u016fstanete v teple. St\u00e1le budete v\u0161ak m\u00edt velk\u00fd \u0161mrnc. Vrstven\u00ed m\u016f\u017eete ladit nejen sportovn\u00edm sm\u011brem, ale tak\u00e9 \u010dist\u011b elegantn\u00edm. Pokud chcete b\u00fdt opravdu v teple, oble\u010dte si hezkou ko\u0161ilku, na kterou um\u00edst\u00edte teplej\u0161\u00ed svet\u0159\u00edk. Na ten si dejte kab\u00e1tek a v\u0161e dopl\u0148te slu\u0161ivou \u0161\u00e1lou. Dol\u016f si m\u016f\u017eete obl\u00e9knout elegantn\u00ed kalhoty a pod n\u011b pun\u010doch\u00e1\u010de, kter\u00e9 nep\u016fjdou vid\u011bt, ale p\u0159\u00edjemn\u011b v\u00e1s zah\u0159ej\u00ed. Pokud d\u00e1v\u00e1te p\u0159ednost sukni, takt\u00e9\u017e zvolte pun\u010doch\u00e1\u010de. M\u016f\u017eete zvolit tak\u00e9 d\u00e1msk\u00e9 zateplen\u00e9 leg\u00edny. Ty ale v\u017edy dopl\u0148te n\u00edzk\u00fdmi \u010di vysok\u00fdmi koza\u010dkami.Mysl\u00edte si, \u017ee v zim\u011b nen\u00ed vhodn\u00e9 nosit \u0161aty? Pak jste na omylu. Pokud r\u00e1da nos\u00edte \u0161aty, klidn\u011b je noste i k zim\u011b. Op\u011bt je dopl\u0148te tepl\u00fdmi pun\u010dochami nebo tepl\u00fdmi leg\u00ednami a p\u0159\u00edpadn\u011b si pod n\u011b dejte je\u0161t\u011b ko\u0161ilku, abyste byla dostate\u010dn\u011b zah\u0159\u00e1t\u00e1. Doplnit je m\u016f\u017eete kab\u00e1tkem a vysok\u00fdm \u0161\u00e1lem, kter\u00fd si po sund\u00e1n\u00ed kab\u00e1tku m\u016f\u017eete jen elegantn\u011b p\u0159ehodit p\u0159es ramena. K \u0161at\u016fm tmav\u00e9 barvy a bez vzor\u016f se hod\u00ed klidn\u011b i barevn\u00e9 pun\u010dochy. K \u0161at\u016fm vzorovan\u00fdm nebo v\u00fdrazn\u00fdch barev zvolte sp\u00ed\u0161e pun\u010dochy \u010dern\u00e9.Zateplete se i dopl\u0148ky. Tepl\u00e9 elegantn\u00ed \u010depice nebo barety, tepl\u00fdm \u0161\u00e1lem nebo elegantn\u00edmi ko\u017ee\u0161inov\u00fdmi rukavicemi. Dnes je na trhu tolik m\u00f3dn\u00edch a cenov\u011b p\u0159ijateln\u00fdch kousk\u016f \u017ee jist\u011b najdete to prav\u00e9 a dok\u00e1\u017eete se i v zimn\u00edm obdob\u00ed obl\u00e9kat s eleganc\u00ed a zd\u016fraznit svou \u017eenskost. Ov\u0161em noste jen to, co v\u00e1m vyhovuje. Nen\u00ed nic \u0161patn\u00e9ho na tom si v mrazech vz\u00edt dlouh\u00e9 kalhoty a teplou parku.                                                                                                                                                                                                                                                                                                                                                                                                  "},{"@context":"https:\/\/schema.org\/","@type":"BreadcrumbList","itemListElement":[{"@type":"ListItem","position":1,"name":"Jak se obl\u00e9kat v zim\u011b s eleganc\u00ed?","item":"https:\/\/www.haag.cz\/jak-se-oblekat-v-zime-s-eleganci\/#breadcrumbitem"}]}]