[{"@context":"https:\/\/schema.org\/","@type":"Article","@id":"https:\/\/www.haag.cz\/i-zvirata-chteji-zit\/#Article","mainEntityOfPage":"https:\/\/www.haag.cz\/i-zvirata-chteji-zit\/","headline":"I zv\u00ed\u0159ata cht\u011bj\u00ed \u017e\u00edt","name":"I zv\u00ed\u0159ata cht\u011bj\u00ed \u017e\u00edt","description":"N\u011bkdy se stane, \u017ee zv\u00ed\u0159e ubl\u00ed\u017e\u00ed \u010dlov\u011bku. A kdy\u017e k\u00a0tomu dojde, co se stane? V\u011bt\u0161inou se lidi takov\u00e9mu zv\u00ed\u0159eti pomst\u00ed. N\u011bkdy ho ulov\u00ed, n\u011bkdy utrat\u00ed nebo nechaj\u00ed utratit. A je to tak mo\u017en\u00e1 i spr\u00e1vn\u011b. Nebudeme p\u0159ece sn\u00e1\u0161et, aby n\u00e1m n\u011bkdo ubli\u017eoval, a kdy\u017e u\u017e jsme p\u00e1ni tvorstva, zato\u010d\u00edme s\u00a0n\u011b\u010d\u00edm takov\u00fdm. A jsme si kvit...<p class=\"more-link-wrap\"><a href=\"https:\/\/www.haag.cz\/i-zvirata-chteji-zit\/\" class=\"more-link\">P\u0159e\u010d\u00edst<span class=\"screen-reader-text\"> &ldquo;I zv\u00ed\u0159ata cht\u011bj\u00ed \u017e\u00edt&rdquo;<\/span> &raquo;<\/a><\/p>","datePublished":"2022-06-04","dateModified":"2023-06-14","author":{"@type":"Person","@id":"https:\/\/www.haag.cz\/author\/devene\/#Person","name":"devene","url":"https:\/\/www.haag.cz\/author\/devene\/","identifier":1,"image":{"@type":"ImageObject","@id":"https:\/\/secure.gravatar.com\/avatar\/0dc285cbe86eecc8073f119fcb2e2c7032b51533f5bb47611c7d4a598558b8b7?s=96&d=mm&r=g","url":"https:\/\/secure.gravatar.com\/avatar\/0dc285cbe86eecc8073f119fcb2e2c7032b51533f5bb47611c7d4a598558b8b7?s=96&d=mm&r=g","height":96,"width":96}},"publisher":{"@type":"Organization","name":"haag.cz","logo":{"@type":"ImageObject","@id":"\/logo.png","url":"\/logo.png","width":600,"height":60}},"image":{"@type":"ImageObject","@id":"https:\/\/www.haag.cz\/wp-content\/uploads\/zv%C3%AD%C5%99e3_1.jpg","url":"https:\/\/www.haag.cz\/wp-content\/uploads\/zv%C3%AD%C5%99e3_1.jpg","height":0,"width":0},"url":"https:\/\/www.haag.cz\/i-zvirata-chteji-zit\/","about":["Zv\u00ed\u0159ata"],"wordCount":486,"articleBody":"N\u011bkdy se stane, \u017ee zv\u00ed\u0159e ubl\u00ed\u017e\u00ed \u010dlov\u011bku. A kdy\u017e k\u00a0tomu dojde, co se stane? V\u011bt\u0161inou se lidi takov\u00e9mu zv\u00ed\u0159eti pomst\u00ed. N\u011bkdy ho ulov\u00ed, n\u011bkdy utrat\u00ed nebo nechaj\u00ed utratit. A je to tak mo\u017en\u00e1 i spr\u00e1vn\u011b. Nebudeme p\u0159ece sn\u00e1\u0161et, aby n\u00e1m n\u011bkdo ubli\u017eoval, a kdy\u017e u\u017e jsme p\u00e1ni tvorstva, zato\u010d\u00edme s\u00a0n\u011b\u010d\u00edm takov\u00fdm. A jsme si kvit \u2013 kdy\u017e je p\u0159ece zv\u00ed\u0159e ohro\u017een\u00e9 \u010dlov\u011bkem a m\u00e1 na to, taky se br\u00e1n\u00ed ubli\u017eov\u00e1n\u00ed a sv\u00e9ho tr\u00fdznitele potrest\u00e1, jak jenom m\u016f\u017ee. N\u011bkdy ho kousne, n\u011bkdy u\u0161tkne, n\u011bkdy rozs\u00e1pe.Ale my lidi m\u00e1me jednu odli\u0161nost. My toti\u017e netrest\u00e1me jenom ty tvory, kte\u0159\u00ed n\u00e1m n\u011bjak ubl\u00ed\u017e\u00ed. My je \u010dasto likvidujeme i jenom tehdy, kdy\u017e je jenom mo\u017en\u00e9, \u017ee by n\u00e1m mohla n\u011bjak\u00e1 zv\u00ed\u0159ata ubl\u00ed\u017eit nebo vadit. A n\u011bkdy je zab\u00edj\u00edme nebo mrza\u010d\u00edme i jenom pro pochybnou z\u00e1bavu.A tak jsou dnes u n\u00e1s vz\u00e1cn\u00e9 a chr\u00e1n\u011bn\u00e9 t\u0159eba zmije. Kter\u00e9 byly za m\u00e9ho ml\u00e1d\u00ed skoro v\u0161ude a rodi\u010de n\u00e1s p\u0159ed nimi varovali. Ale proto\u017ee bylo mo\u017en\u00e9, \u017ee n\u00e1s vz\u00e1cn\u011b u\u0161tknou, kdy\u017e je za\u017eeneme do \u00fazk\u00fdch a nebudou m\u00edt kam ut\u00e9ct, rad\u0161i jsme je u\u017e jenom preventivn\u011b vyhubili.Stejn\u011b u n\u00e1s dopadly i v\u0161echny velk\u00e9 \u0161elmy. I kdy\u017e jsme kdysi \u017eili spolu s\u00a0nimi a moc jsme si nevadili, jeliko\u017e se dr\u017eely \u0161elmy v\u011bt\u0161inou d\u00e1l od lid\u00ed, rad\u0161i jsme je pobili. A kdy\u017e se je dnes ob\u010das n\u011bkdo pokou\u0161\u00ed znovu vysadit, nem\u00edv\u00e1 to \u00fasp\u011bch, lidi je zase pozab\u00edj\u00ed, kdy\u017e m\u016f\u017eou. Jistota je jistota.N\u011bkdo si mo\u017en\u00e1 \u0159ekne, \u017ee je rozumn\u00e9 zlikvidovat zv\u00ed\u0159ata, kter\u00e1 pro n\u00e1s p\u0159edstavuj\u00ed n\u011bjak\u00e9 nebezpe\u010d\u00ed. Ale to nen\u00ed v\u017edycky zas a\u017e tak jednoduch\u00e9. Zbav\u00edme se toti\u017e mo\u017en\u00fdch nep\u0159\u00e1tel, ale k\u00a0\u010demu to vedlo a vede? \u010casto k\u00a0ni\u010demu dobr\u00e9mu.Nem\u00e1me u\u017e t\u0159eba tolik zmij\u00ed a co tu kv\u016fli tomu m\u00e1me? P\u0159emno\u017een\u00e9 hlodavce, se kter\u00fdmi jsou probl\u00e9my i na pol\u00edch, i ve m\u011bstech. Nem\u00e1me dost drav\u00fdch pt\u00e1k\u016f a i proto m\u00e1me tu hav\u011b\u0165.A zv\u00ed\u0159ata n\u011bkdy i vytla\u010dujeme z\u00a0jejich p\u0159irozen\u00e9ho prost\u0159ed\u00ed, vad\u00ed jim velk\u00e1 pole bez rem\u00edzk\u016f, \u0161kod\u00edme jim post\u0159iky. A to v\u0161echno se n\u00e1m potom vrac\u00ed. \u010casto u\u017e n\u00e1s pak t\u0159eba nepop\u00edchaj\u00ed v\u010dely, co\u017e je fajn. Do doby, ne\u017e zjist\u00edme, \u017ee kv\u016fli m\u00e1lo opylova\u010d\u016fm nastane i u lid\u00ed hlad.                                                                                                                                                                                                                                                                                                                                                                                                "},{"@context":"https:\/\/schema.org\/","@type":"BreadcrumbList","itemListElement":[{"@type":"ListItem","position":1,"name":"I zv\u00ed\u0159ata cht\u011bj\u00ed \u017e\u00edt","item":"https:\/\/www.haag.cz\/i-zvirata-chteji-zit\/#breadcrumbitem"}]}]