[{"@context":"https:\/\/schema.org\/","@type":"Article","@id":"https:\/\/www.haag.cz\/duse-je-vice-nez-telo\/#Article","mainEntityOfPage":"https:\/\/www.haag.cz\/duse-je-vice-nez-telo\/","headline":"Du\u0161e je v\u00edce ne\u017e t\u011blo","name":"Du\u0161e je v\u00edce ne\u017e t\u011blo","description":"Dne\u0161n\u00ed sv\u011bt je podle mnoh\u00fdch pova\u017eov\u00e1n za zka\u017een\u00fd. \u017dij\u00ed s\u00a0p\u0159esv\u011bd\u010den\u00edm, \u017ee d\u0159\u00edv\u011bj\u0161\u00ed doba byla o dost lep\u0161\u00ed a dali by v\u0161e za to, aby se do n\u00ed mohli vr\u00e1tit. Doba se m\u011bn\u00ed a s\u00a0n\u00ed se zm\u011bnilo i mnoho dal\u0161\u00edch v\u011bc\u00ed v\u00a0ka\u017edodenn\u00edm \u017eivot\u011b. M\u00e1 to sv\u00e9 v\u00fdhody a nev\u00fdhody tak, jako v\u0161e. Ale v\u0161e m\u00e1 i...<p class=\"more-link-wrap\"><a href=\"https:\/\/www.haag.cz\/duse-je-vice-nez-telo\/\" class=\"more-link\">P\u0159e\u010d\u00edst<span class=\"screen-reader-text\"> &ldquo;Du\u0161e je v\u00edce ne\u017e t\u011blo&rdquo;<\/span> &raquo;<\/a><\/p>","datePublished":"2022-11-13","dateModified":"2023-06-14","author":{"@type":"Person","@id":"https:\/\/www.haag.cz\/author\/devene\/#Person","name":"devene","url":"https:\/\/www.haag.cz\/author\/devene\/","identifier":1,"image":{"@type":"ImageObject","@id":"https:\/\/secure.gravatar.com\/avatar\/0dc285cbe86eecc8073f119fcb2e2c7032b51533f5bb47611c7d4a598558b8b7?s=96&d=mm&r=g","url":"https:\/\/secure.gravatar.com\/avatar\/0dc285cbe86eecc8073f119fcb2e2c7032b51533f5bb47611c7d4a598558b8b7?s=96&d=mm&r=g","height":96,"width":96}},"publisher":{"@type":"Organization","name":"haag.cz","logo":{"@type":"ImageObject","@id":"\/logo.png","url":"\/logo.png","width":600,"height":60}},"image":{"@type":"ImageObject","@id":"https:\/\/www.haag.cz\/wp-content\/uploads\/baby-g684965aaa_640.jpg","url":"https:\/\/www.haag.cz\/wp-content\/uploads\/baby-g684965aaa_640.jpg","height":0,"width":0},"url":"https:\/\/www.haag.cz\/duse-je-vice-nez-telo\/","about":["Kr\u00e1sa"],"wordCount":438,"articleBody":"Dne\u0161n\u00ed sv\u011bt je podle mnoh\u00fdch pova\u017eov\u00e1n za zka\u017een\u00fd. \u017dij\u00ed s\u00a0p\u0159esv\u011bd\u010den\u00edm, \u017ee d\u0159\u00edv\u011bj\u0161\u00ed doba byla o dost lep\u0161\u00ed a dali by v\u0161e za to, aby se do n\u00ed mohli vr\u00e1tit. Doba se m\u011bn\u00ed a s\u00a0n\u00ed se zm\u011bnilo i mnoho dal\u0161\u00edch v\u011bc\u00ed v\u00a0ka\u017edodenn\u00edm \u017eivot\u011b. M\u00e1 to sv\u00e9 v\u00fdhody a nev\u00fdhody tak, jako v\u0161e. Ale v\u0161e m\u00e1 i svou sv\u011btlou str\u00e1nku, v\u010detn\u011b t\u00e9to doby. Jen jde o to, abychom pozorn\u011b koukali, kdy\u017e chceme kr\u00e1su tohoto sv\u011bta spat\u0159it. M\u016f\u017eeme se j\u00edt proj\u00edt kamsi do p\u0159\u00edrody, kde n\u00e1s nebude ru\u0161it obvykl\u00fd m\u011bstsk\u00fd ruch, ale naopak tam budou jen v\u00a0tichu prozp\u011bvovat pt\u00e1\u010dci, kte\u0159\u00ed polet\u00ed kolem, m\u016f\u017eeme poslouchat \u0161um potoka, kter\u00fd prot\u00e9k\u00e1 lesem, mo\u017enost\u00ed je mnoho, kr\u00e1sa je v\u0161ude, jen ji mus\u00edme cht\u00edt vid\u011bt. To, jak je m\u011bsto postaven\u00e9 a nastaven\u00e9, aby v\u00a0n\u011bm fungovalo v\u0161e, jak m\u00e1, to se d\u00e1 t\u00e9\u017e pova\u017eovat za kr\u00e1su. Za kr\u00e1su dne\u0161n\u00ed modern\u00ed technologie, za kr\u00e1su pokroku ve v\u00fdvoji dne\u0161n\u00edho modern\u00edho sv\u011bta a doby, kterou moc lid\u00ed r\u00e1do nem\u00e1. Dal\u0161\u00ed kr\u00e1sou tohoto sv\u011bta jsou i lid\u00e9. Stvo\u0159en\u00ed, kter\u00e1 se vyv\u00edjela po miliony let. Ka\u017ed\u00fd \u010dlov\u011bk je sv\u00fdm zp\u016fsobem kr\u00e1sn\u00fd. Nejde jen o kr\u00e1su vn\u011bj\u0161\u00ed, jak V\u00e1s napadne jako prvn\u00ed, ale tak\u00e9 o kr\u00e1su du\u0161e.Vzhled p\u0159\u00edli\u0161 neovlivn\u00edme, jde z\u00a0velk\u00e9 \u010d\u00e1sti o genetiku. Ale na\u0161e chov\u00e1n\u00ed, s\u00a0t\u00edm se u\u017e ledacos d\u011blat d\u00e1. Mnoho osob je kr\u00e1sn\u00fdch zvenku, ale vevnit\u0159 to je hr\u016fza. Nemaj\u00ed \u017e\u00e1dn\u00fd charakter a zkr\u00e1tka jako osobnost se p\u0159\u00edli\u0161 neprojevuj\u00ed. M\u00edt kr\u00e1snou osobnost znamen\u00e1 mnohem v\u00edce ne\u017e m\u00edt jen kr\u00e1sn\u00e9 t\u011blo. K\u00a0\u010demu by n\u00e1m tak\u00e9 bylo kr\u00e1sn\u00e9 t\u011blo bez du\u0161e, \u017ee? Samoz\u0159ejm\u011b, \u017ee bychom v\u0161ichni m\u011bli pe\u010dovat o sv\u016fj zevn\u011bj\u0161ek, abychom byli kr\u00e1sn\u011bj\u0161\u00ed, ale v\u011bt\u0161inu bychom m\u011bli nechat na na\u0161\u00ed p\u0159irozenosti a rad\u011bji se zam\u011b\u0159it na to, jak se b\u011bhem dne projevujeme na\u0161\u00edm chov\u00e1n\u00edm, reakcemi a podobn\u011b. Je to o dost d\u016fle\u017eit\u011bj\u0161\u00ed ne\u017e ploch\u00e9 b\u0159\u00ed\u0161ko \u010di svalnat\u00e9 ruce. M\u011bli bychom na to myslet ka\u017ed\u00fd den, tak to alespo\u0148 zkuste.                                                                                                                                                                                                                                                                                                                                                                                                "},{"@context":"https:\/\/schema.org\/","@type":"BreadcrumbList","itemListElement":[{"@type":"ListItem","position":1,"name":"Du\u0161e je v\u00edce ne\u017e t\u011blo","item":"https:\/\/www.haag.cz\/duse-je-vice-nez-telo\/#breadcrumbitem"}]}]